{"id":26424,"date":"2022-05-03T10:38:06","date_gmt":"2022-05-03T08:38:06","guid":{"rendered":"http:\/\/oss-busevec.hr\/?p=26424"},"modified":"2022-05-03T10:38:09","modified_gmt":"2022-05-03T08:38:09","slug":"promocija-knige-turopolje-plemenito-stjepana-detelica-banskog","status":"publish","type":"post","link":"https:\/\/oss-busevec.hr\/en\/promocija-knige-turopolje-plemenito-stjepana-detelica-banskog\/","title":{"rendered":"Promocija knige &#8220;Turopolje plemenito&#8221; Stjepana Deteli\u0107a-Banskog"},"content":{"rendered":"\n<p>Po\u0161tuvani pre\u0161timani prijateli doma\u010de kajkavske re\u010di,<\/p>\n\n\n\n<p>Pozivlemo vas na <strong>promociju knige \u201eTuropolje plemenito\u201c<\/strong> na\u0161eg doma\u010deg pu\u010dkog pjesnika <strong>Stjepana Deteli\u0107a-Banskog<\/strong>. <\/p>\n\n\n\n<p>Pri nami se veli \u201e\u010de ne po\u0161tuje\u0161 svoje nebu\u0161 nigdar po\u0161tival ni tu\u0111e\u201c , pak se nadamo da se bute u kaj ve\u010dem broju pripetili vu <strong>Dom kulture Bu\u0161evec<\/strong> dana gospodnjeg <strong>06. Svibna (Filipov\u010daka) ob 7 vur nave\u010der<\/strong> da poslunete kaj je to na\u0161 \u0160tef se napisal. Promociju buju uveli\u010dali Ogrankove peva\u010dice i tambura\u0161i. <\/p>\n\n\n\n<p>\u010ce ste pri penezi morete si i knigu kupiti po popularne cene od 50 kuni\u0107a (po\u017eurete se dok su jo\u0161 kune jer bu u eurima skuple\u0161a). Si penezi teri se skupe od tr\u017eenja knjigi budu upla\u0107eni u blagajnu OSS Bu\u0161evec za rad udruge (konkretno za na\u0161u decu). <\/p>\n\n\n\n<p>Nakon promocije vas bumo malo i po\u0161astili tak da vam nebu suvo po \u017eiraku.<\/p>\n\n\n\n<p>Imajte nam se lepo<\/p>\n\n\n\n<p>Upravni odbor OSS Bu\u0161evec<\/p>\n","protected":false},"excerpt":{"rendered":"<p>Po\u0161tuvani pre\u0161timani prijateli doma\u010de kajkavske re\u010di, Pozivlemo vas na promociju knige \u201eTuropolje plemenito\u201c na\u0161eg doma\u010deg pu\u010dkog pjesnika Stjepana Deteli\u0107a-Banskog. Pri nami se veli \u201e\u010de ne po\u0161tuje\u0161 svoje nebu\u0161 nigdar po\u0161tival ni tu\u0111e\u201c , pak se nadamo da se bute u kaj ve\u010dem broju pripetili vu Dom kulture Bu\u0161evec dana gospodnjeg 06. Svibna (Filipov\u010daka) ob 7<\/p>\n","protected":false},"author":3,"featured_media":26425,"comment_status":"open","ping_status":"open","sticky":false,"template":"","format":"standard","meta":{"_acf_changed":false,"_monsterinsights_skip_tracking":false,"_monsterinsights_sitenote_active":false,"_monsterinsights_sitenote_note":"","_monsterinsights_sitenote_category":0,"footnotes":""},"categories":[2],"tags":[],"class_list":["post-26424","post","type-post","status-publish","format-standard","has-post-thumbnail","hentry","category-novosti-i-dogadanja"],"acf":[],"jetpack_featured_media_url":"https:\/\/oss-busevec.hr\/wp-content\/uploads\/2022\/05\/promocija-knjige_stef-scaled.jpg","_links":{"self":[{"href":"https:\/\/oss-busevec.hr\/en\/wp-json\/wp\/v2\/posts\/26424","targetHints":{"allow":["GET"]}}],"collection":[{"href":"https:\/\/oss-busevec.hr\/en\/wp-json\/wp\/v2\/posts"}],"about":[{"href":"https:\/\/oss-busevec.hr\/en\/wp-json\/wp\/v2\/types\/post"}],"author":[{"embeddable":true,"href":"https:\/\/oss-busevec.hr\/en\/wp-json\/wp\/v2\/users\/3"}],"replies":[{"embeddable":true,"href":"https:\/\/oss-busevec.hr\/en\/wp-json\/wp\/v2\/comments?post=26424"}],"version-history":[{"count":2,"href":"https:\/\/oss-busevec.hr\/en\/wp-json\/wp\/v2\/posts\/26424\/revisions"}],"predecessor-version":[{"id":26427,"href":"https:\/\/oss-busevec.hr\/en\/wp-json\/wp\/v2\/posts\/26424\/revisions\/26427"}],"wp:featuredmedia":[{"embeddable":true,"href":"https:\/\/oss-busevec.hr\/en\/wp-json\/wp\/v2\/media\/26425"}],"wp:attachment":[{"href":"https:\/\/oss-busevec.hr\/en\/wp-json\/wp\/v2\/media?parent=26424"}],"wp:term":[{"taxonomy":"category","embeddable":true,"href":"https:\/\/oss-busevec.hr\/en\/wp-json\/wp\/v2\/categories?post=26424"},{"taxonomy":"post_tag","embeddable":true,"href":"https:\/\/oss-busevec.hr\/en\/wp-json\/wp\/v2\/tags?post=26424"}],"curies":[{"name":"wp","href":"https:\/\/api.w.org\/{rel}","templated":true}]}}