{"id":27927,"date":"2023-09-22T22:09:27","date_gmt":"2023-09-22T20:09:27","guid":{"rendered":"http:\/\/oss-busevec.hr\/?p=27927"},"modified":"2023-09-22T22:11:23","modified_gmt":"2023-09-22T20:11:23","slug":"21-medunarodni-festival-tradicijskih-glazbala-busevec-2023","status":"publish","type":"post","link":"https:\/\/oss-busevec.hr\/en\/21-medunarodni-festival-tradicijskih-glazbala-busevec-2023\/","title":{"rendered":"21.Me\u0111unarodni festival tradicijskih glazbala-Bu\u0161evec 2023."},"content":{"rendered":"\n<p class=\"has-text-align-left\">Po\u0161tovani,<\/p>\n\n\n\n<p class=\"has-text-align-left\">zadovoljstvo nam je pozvati vas na 21. Me\u0111unarodni festival tradicijskih glazbala &#8211; Bu\u0161evec 2023.<\/p>\n\n\n\n<p class=\"has-text-align-left\">Kao i svake godine, pripremili smo niz vrhunskih zanimljivih izvedbi na raznim glazbalima (marimba, alphorn, \u0161vicarske harmonike, jodlanje, okarina, kaval, gajde, djembe, rabab, tar, sarod, tarabuka, hand drum, tambure, samica, dude&#8230;.) a du\u0161u \u0107e vam \u0107e vam razgaliti glazbenici iz \u0160vicarske, Kostarike, Sjeverne Makedonije, Senegala, hrvati koji sviraju Iranska glazbala. Naravno, nastupaju i doma\u010di glazbenici, i to iz Lukavca i Bu\u0161evca. <\/p>\n\n\n\n<p class=\"has-text-align-left\">Pobrinili smo se da glazbala, osim slu\u0161anja, mo\u017eete nau\u010diti nekaj o njima pa i probati, stoga navratite na prezentaciju u \u010detvrtak 28.09.2023. Petak 29.09.2023. je dan kada na\u0161i gosti iz Kostarike, \u0160vicarske i Sjeverne Makedonije razveseljavaju Velikogori\u010dane kod tr\u017enog centra, a u subotu 30.09.2023. prije samog Sve\u010danog koncerta pripremamo internacionalna jela koja \u0107e te mo\u0107i degustirati (Kostarika, \u0160vicarska, Sjeverne Makedonija-Albanski specijaliteti, Afrika i Hrvataska). <\/p>\n\n\n\n<p class=\"has-text-align-left\">Oni koji ne\u0107e sti\u0107i do nas u ovih par dana imaju priliku u nedjelju vidjeti grupe iz Kostarike i \u0160vicarske u Dugom Selu na \u017eupanijskoj smotri tambura\u0161kih sastava i orkestara.<\/p>\n\n\n\n<p class=\"has-text-align-left\">Vidimo se!<\/p>\n","protected":false},"excerpt":{"rendered":"<p>Po\u0161tovani, zadovoljstvo nam je pozvati vas na 21. Me\u0111unarodni festival tradicijskih glazbala &#8211; Bu\u0161evec 2023. Kao i svake godine, pripremili smo niz vrhunskih zanimljivih izvedbi na raznim glazbalima (marimba, alphorn, \u0161vicarske harmonike, jodlanje, okarina, kaval, gajde, djembe, rabab, tar, sarod, tarabuka, hand drum, tambure, samica, dude&#8230;.) a du\u0161u \u0107e vam \u0107e vam razgaliti glazbenici iz<\/p>\n","protected":false},"author":3,"featured_media":27928,"comment_status":"open","ping_status":"open","sticky":false,"template":"","format":"standard","meta":{"_acf_changed":false,"_monsterinsights_skip_tracking":false,"_monsterinsights_sitenote_active":false,"_monsterinsights_sitenote_note":"","_monsterinsights_sitenote_category":0,"footnotes":""},"categories":[2],"tags":[],"class_list":["post-27927","post","type-post","status-publish","format-standard","has-post-thumbnail","hentry","category-novosti-i-dogadanja"],"acf":[],"jetpack_featured_media_url":"https:\/\/oss-busevec.hr\/wp-content\/uploads\/2023\/09\/Plakat-FTG-2023-VER-6.jpg","_links":{"self":[{"href":"https:\/\/oss-busevec.hr\/en\/wp-json\/wp\/v2\/posts\/27927","targetHints":{"allow":["GET"]}}],"collection":[{"href":"https:\/\/oss-busevec.hr\/en\/wp-json\/wp\/v2\/posts"}],"about":[{"href":"https:\/\/oss-busevec.hr\/en\/wp-json\/wp\/v2\/types\/post"}],"author":[{"embeddable":true,"href":"https:\/\/oss-busevec.hr\/en\/wp-json\/wp\/v2\/users\/3"}],"replies":[{"embeddable":true,"href":"https:\/\/oss-busevec.hr\/en\/wp-json\/wp\/v2\/comments?post=27927"}],"version-history":[{"count":3,"href":"https:\/\/oss-busevec.hr\/en\/wp-json\/wp\/v2\/posts\/27927\/revisions"}],"predecessor-version":[{"id":27931,"href":"https:\/\/oss-busevec.hr\/en\/wp-json\/wp\/v2\/posts\/27927\/revisions\/27931"}],"wp:featuredmedia":[{"embeddable":true,"href":"https:\/\/oss-busevec.hr\/en\/wp-json\/wp\/v2\/media\/27928"}],"wp:attachment":[{"href":"https:\/\/oss-busevec.hr\/en\/wp-json\/wp\/v2\/media?parent=27927"}],"wp:term":[{"taxonomy":"category","embeddable":true,"href":"https:\/\/oss-busevec.hr\/en\/wp-json\/wp\/v2\/categories?post=27927"},{"taxonomy":"post_tag","embeddable":true,"href":"https:\/\/oss-busevec.hr\/en\/wp-json\/wp\/v2\/tags?post=27927"}],"curies":[{"name":"wp","href":"https:\/\/api.w.org\/{rel}","templated":true}]}}