{"id":28023,"date":"2023-10-25T11:34:30","date_gmt":"2023-10-25T09:34:30","guid":{"rendered":"http:\/\/oss-busevec.hr\/?p=28023"},"modified":"2023-10-25T11:34:33","modified_gmt":"2023-10-25T09:34:33","slug":"30-susret-hrvatskih-folklornih-ansambala-i-izvornih-skupina","status":"publish","type":"post","link":"https:\/\/oss-busevec.hr\/en\/30-susret-hrvatskih-folklornih-ansambala-i-izvornih-skupina\/","title":{"rendered":"30. Susret hrvatskih folklornih ansambala i izvornih skupina"},"content":{"rendered":"\n<p>Na\u0161i plesa\u010di i tambura\u0161i &#8220;A&#8221; grupe ovu subotu 28.10.2023. brane boje Zagreba\u010dke \u017eupanije i Grada Velike Gorice na 30. Susretu hrvatskih folklonih ansambala i izvornih skupina (organizator Hrvatski sabor kulture), kategorija koreografirani folklor, koji \u0107e se odr\u017eati u Centru za kulturu \u010cakovec po\u010detkom u 18 sati. Izvest \u0107emo &#8220;\u0160oka\u010dka kola Sonte&#8221; koreografiju sa kojom smo bili najbolji na gradskoj i \u017eupanijskoj smotri.Svi koji imate vremena i volje mo\u017eete nas do\u0107i podr\u017eati u \u010cakovec jer je ulaz slobodan, a ostali koji ne\u0107ete biti prisutni fizi\u010dki mo\u017eete nas pratriti u\u017eivo putem linkova HSK; <a href=\"https:\/\/www.facebook.com\/hrv.sabor.kulture?__cft__[0]=AZVvkfCwzL5bdhO9eZAk2evyO6QWxXuh7nuh-HSUhXwabWbVxPsFiJEupoz5psxk1dZKziLK8aiMHBOG66ho07rbpghSmAj4PQ47GhAJ5Y-m116cX-xtywee50zU_uezGjs&amp;__tn__=-]K-R\">facebook.com\/hrv.sabor.kulture<\/a> ili <a href=\"https:\/\/youtube.com\/user\/saborkulture?fbclid=IwAR1VRiUCYYVzNFB_N9Uw5VilcGTgHFuxH1TbDWAfh1N48NKlrKUyZUF3bNU\" rel=\"noreferrer noopener\" target=\"_blank\">youtube.com\/user\/saborkulture<\/a><\/p>\n","protected":false},"excerpt":{"rendered":"<p>Na\u0161i plesa\u010di i tambura\u0161i &#8220;A&#8221; grupe ovu subotu 28.10.2023. brane boje Zagreba\u010dke \u017eupanije i Grada Velike Gorice na 30. Susretu hrvatskih folklonih ansambala i izvornih skupina (organizator Hrvatski sabor kulture), kategorija koreografirani folklor, koji \u0107e se odr\u017eati u Centru za kulturu \u010cakovec po\u010detkom u 18 sati. Izvest \u0107emo &#8220;\u0160oka\u010dka kola Sonte&#8221; koreografiju sa kojom smo<\/p>\n","protected":false},"author":3,"featured_media":28024,"comment_status":"open","ping_status":"open","sticky":false,"template":"","format":"standard","meta":{"_acf_changed":false,"_monsterinsights_skip_tracking":false,"_monsterinsights_sitenote_active":false,"_monsterinsights_sitenote_note":"","_monsterinsights_sitenote_category":0,"footnotes":""},"categories":[2],"tags":[],"class_list":["post-28023","post","type-post","status-publish","format-standard","has-post-thumbnail","hentry","category-novosti-i-dogadanja"],"acf":[],"jetpack_featured_media_url":"https:\/\/oss-busevec.hr\/wp-content\/uploads\/2023\/10\/SHFA-2023-Cakovec-B2-1.jpg","_links":{"self":[{"href":"https:\/\/oss-busevec.hr\/en\/wp-json\/wp\/v2\/posts\/28023","targetHints":{"allow":["GET"]}}],"collection":[{"href":"https:\/\/oss-busevec.hr\/en\/wp-json\/wp\/v2\/posts"}],"about":[{"href":"https:\/\/oss-busevec.hr\/en\/wp-json\/wp\/v2\/types\/post"}],"author":[{"embeddable":true,"href":"https:\/\/oss-busevec.hr\/en\/wp-json\/wp\/v2\/users\/3"}],"replies":[{"embeddable":true,"href":"https:\/\/oss-busevec.hr\/en\/wp-json\/wp\/v2\/comments?post=28023"}],"version-history":[{"count":2,"href":"https:\/\/oss-busevec.hr\/en\/wp-json\/wp\/v2\/posts\/28023\/revisions"}],"predecessor-version":[{"id":28026,"href":"https:\/\/oss-busevec.hr\/en\/wp-json\/wp\/v2\/posts\/28023\/revisions\/28026"}],"wp:featuredmedia":[{"embeddable":true,"href":"https:\/\/oss-busevec.hr\/en\/wp-json\/wp\/v2\/media\/28024"}],"wp:attachment":[{"href":"https:\/\/oss-busevec.hr\/en\/wp-json\/wp\/v2\/media?parent=28023"}],"wp:term":[{"taxonomy":"category","embeddable":true,"href":"https:\/\/oss-busevec.hr\/en\/wp-json\/wp\/v2\/categories?post=28023"},{"taxonomy":"post_tag","embeddable":true,"href":"https:\/\/oss-busevec.hr\/en\/wp-json\/wp\/v2\/tags?post=28023"}],"curies":[{"name":"wp","href":"https:\/\/api.w.org\/{rel}","templated":true}]}}