{"id":28045,"date":"2023-11-14T20:14:17","date_gmt":"2023-11-14T18:14:17","guid":{"rendered":"http:\/\/oss-busevec.hr\/?p=28045"},"modified":"2023-11-14T20:14:48","modified_gmt":"2023-11-14T18:14:48","slug":"prodani-dedek-u-kravarskom","status":"publish","type":"post","link":"https:\/\/oss-busevec.hr\/en\/prodani-dedek-u-kravarskom\/","title":{"rendered":"&#8220;PRODANI DEDEK&#8221; u Kravarskom"},"content":{"rendered":"\n<p>Po\u0161tovani ljubitelji kazali\u0161ta dovodimo vam kazali\u0161te \u201cna ku\u0107ni prag\u201d. Glumci Pu\u010dkog kazali\u0161ta Ogranka Selja\u010dke sloge Bu\u0161evec i organizatori Op\u0107ina Kravarsko s veseljem vas pozivaju na novu hit predstavu &#8220;Prodani dedek&#8221;. <\/p>\n\n\n\n<p>Predstava je to Austrijskog pisca Antuna Hamika, na kajkavski ju je preveo Vladimir Geri\u0107, a adaptaciju teksta na Bu\u0161evski dijalekt je odradio Ivan Ro\u017ei\u0107 (Nikole). Re\u017eiju potpisuje Irena Ro\u017ei\u0107, scenografiju su osmislili Irena i Nenad Ro\u017ei\u0107, kostime Karmela Kos, a tehni\u010dari zvuka i rasvjete su Filip Ro\u017ei\u0107 i Antonio Deteli\u0107.Kak se prodaje i kupuje &#8220;dedek&#8221; \u0107e vam na svoj osebujan na\u010din do\u010darati glumci Pu\u010dkog kazali\u0161ta; Dario Kova\u010di\u0107-kao Bartol Horvat, Marko Krumpak-Icek (Horvatov sin), Branka Ro\u017ei\u0107-Bucika (Horvatova slu\u0161kinja), Nenad Luki\u0107-Guta Gramzek, Barica Kova\u010devi\u0107-Jana (Gramzekova \u017eena), Kristina Janji\u0107-Ne\u017eika (njihova k\u0107er), Sa\u0161a Robi\u0107-\u017diga (Gramzekov sluga) i Damir Brebri\u0107-kao Dedek.<\/p>\n\n\n\n<p>Selska je to groteska-komedija u 3 \u010dina, izvodi se na kajkavskom govoru, prilago\u0111ena novijem vremenu. Kako prodati ili kupiti Dedeka? Da li se to uop\u0107e mo\u017ee? Mo\u017eda je to ,,lagan&#8221; na\u010din da se domognemo nekaj penez ili ipak nije? Da biste saznali, kako ipak mo\u017eete prodati Dedeka i tko je koga na kraju nadmudril, morat \u0107e te pogledati predstavu do kraja.<\/p>\n\n\n\n<p>Predstava je na 4. Festivalu dramskih amatera sredi\u0161nje Hrvatske odr\u017eanom u Zlatar Bistrici osvojila 4 nagrade; najbolja mu\u0161ka uloga-Nenad Luki\u0107 (za ulogu Gute Gramzeka), najbolja kostimografija, najbolja re\u017eija &#8211; Irena Ro\u017ei\u0107 i najbolja predstava festivala.Mi nismo doktori, ali vele da smijeh lije\u010di, pa vam mi garantiramo jeftinu dozu lijeka, pa ako se dugo niste dobro nasmijali, a \u017eeljeli bi, protegnite &#8220;nogice&#8221; i do\u0111ite na predstavu.<\/p>\n\n\n\n<p>17.11.2023. petak, u Dru\u0161tvenom domu Kravarsko <\/p>\n\n\n\n<p>po\u010detak u 19,00 sati<\/p>\n\n\n\n<p>ulaz slobodan<\/p>\n\n\n\n<p>vidimo se!<\/p>\n","protected":false},"excerpt":{"rendered":"<p>Po\u0161tovani ljubitelji kazali\u0161ta dovodimo vam kazali\u0161te \u201cna ku\u0107ni prag\u201d. Glumci Pu\u010dkog kazali\u0161ta Ogranka Selja\u010dke sloge Bu\u0161evec i organizatori Op\u0107ina Kravarsko s veseljem vas pozivaju na novu hit predstavu &#8220;Prodani dedek&#8221;. Predstava je to Austrijskog pisca Antuna Hamika, na kajkavski ju je preveo Vladimir Geri\u0107, a adaptaciju teksta na Bu\u0161evski dijalekt je odradio Ivan Ro\u017ei\u0107 (Nikole).<\/p>\n","protected":false},"author":3,"featured_media":28046,"comment_status":"open","ping_status":"open","sticky":false,"template":"","format":"standard","meta":{"_acf_changed":false,"_monsterinsights_skip_tracking":false,"_monsterinsights_sitenote_active":false,"_monsterinsights_sitenote_note":"","_monsterinsights_sitenote_category":0,"footnotes":""},"categories":[2],"tags":[],"class_list":["post-28045","post","type-post","status-publish","format-standard","has-post-thumbnail","hentry","category-novosti-i-dogadanja"],"acf":[],"jetpack_featured_media_url":"https:\/\/oss-busevec.hr\/wp-content\/uploads\/2023\/11\/Plakat-Dedek-Kravarsko1-scaled.jpg","_links":{"self":[{"href":"https:\/\/oss-busevec.hr\/en\/wp-json\/wp\/v2\/posts\/28045","targetHints":{"allow":["GET"]}}],"collection":[{"href":"https:\/\/oss-busevec.hr\/en\/wp-json\/wp\/v2\/posts"}],"about":[{"href":"https:\/\/oss-busevec.hr\/en\/wp-json\/wp\/v2\/types\/post"}],"author":[{"embeddable":true,"href":"https:\/\/oss-busevec.hr\/en\/wp-json\/wp\/v2\/users\/3"}],"replies":[{"embeddable":true,"href":"https:\/\/oss-busevec.hr\/en\/wp-json\/wp\/v2\/comments?post=28045"}],"version-history":[{"count":3,"href":"https:\/\/oss-busevec.hr\/en\/wp-json\/wp\/v2\/posts\/28045\/revisions"}],"predecessor-version":[{"id":28049,"href":"https:\/\/oss-busevec.hr\/en\/wp-json\/wp\/v2\/posts\/28045\/revisions\/28049"}],"wp:featuredmedia":[{"embeddable":true,"href":"https:\/\/oss-busevec.hr\/en\/wp-json\/wp\/v2\/media\/28046"}],"wp:attachment":[{"href":"https:\/\/oss-busevec.hr\/en\/wp-json\/wp\/v2\/media?parent=28045"}],"wp:term":[{"taxonomy":"category","embeddable":true,"href":"https:\/\/oss-busevec.hr\/en\/wp-json\/wp\/v2\/categories?post=28045"},{"taxonomy":"post_tag","embeddable":true,"href":"https:\/\/oss-busevec.hr\/en\/wp-json\/wp\/v2\/tags?post=28045"}],"curies":[{"name":"wp","href":"https:\/\/api.w.org\/{rel}","templated":true}]}}